{"id":209,"date":"2021-03-02T19:41:00","date_gmt":"2021-03-02T18:41:00","guid":{"rendered":"https:\/\/www.edwigecheveuxauvent.fr\/?p=209"},"modified":"2022-01-31T15:07:33","modified_gmt":"2022-01-31T14:07:33","slug":"massage-aryuvedique-shirotchampi","status":"publish","type":"post","link":"https:\/\/www.edwigecheveuxauvent.fr\/?p=209","title":{"rendered":"Massage ayurv\u00e9dique\u00a0: \u00ab\u00a0SHIROTCHAMPI\u00a0\u00bb"},"content":{"rendered":"\n<figure class=\"wp-block-image size-large\"><img loading=\"lazy\" decoding=\"async\" width=\"689\" height=\"1024\" src=\"https:\/\/www.edwigecheveuxauvent.fr\/wp-content\/uploads\/2021\/07\/18-Cheveux-au-vent-Juin-2021-Photo-Laurent-Ouisse_11-copie-689x1024.jpg\" alt=\"\" class=\"wp-image-772\" srcset=\"https:\/\/www.edwigecheveuxauvent.fr\/wp-content\/uploads\/2021\/07\/18-Cheveux-au-vent-Juin-2021-Photo-Laurent-Ouisse_11-copie-689x1024.jpg 689w, https:\/\/www.edwigecheveuxauvent.fr\/wp-content\/uploads\/2021\/07\/18-Cheveux-au-vent-Juin-2021-Photo-Laurent-Ouisse_11-copie-202x300.jpg 202w, https:\/\/www.edwigecheveuxauvent.fr\/wp-content\/uploads\/2021\/07\/18-Cheveux-au-vent-Juin-2021-Photo-Laurent-Ouisse_11-copie-768x1141.jpg 768w, https:\/\/www.edwigecheveuxauvent.fr\/wp-content\/uploads\/2021\/07\/18-Cheveux-au-vent-Juin-2021-Photo-Laurent-Ouisse_11-copie-rotated.jpg 1020w\" sizes=\"auto, (max-width: 689px) 100vw, 689px\" \/><\/figure>\n\n\n\n<figure class=\"wp-block-image size-large\"><img loading=\"lazy\" decoding=\"async\" width=\"689\" height=\"1024\" src=\"https:\/\/www.edwigecheveuxauvent.fr\/wp-content\/uploads\/2021\/07\/13-Cheveux-au-vent-Juin-21-Photo-Laurent-Ouissse29-689x1024.jpg\" alt=\"\" class=\"wp-image-758\" srcset=\"https:\/\/www.edwigecheveuxauvent.fr\/wp-content\/uploads\/2021\/07\/13-Cheveux-au-vent-Juin-21-Photo-Laurent-Ouissse29-689x1024.jpg 689w, https:\/\/www.edwigecheveuxauvent.fr\/wp-content\/uploads\/2021\/07\/13-Cheveux-au-vent-Juin-21-Photo-Laurent-Ouissse29-202x300.jpg 202w, https:\/\/www.edwigecheveuxauvent.fr\/wp-content\/uploads\/2021\/07\/13-Cheveux-au-vent-Juin-21-Photo-Laurent-Ouissse29-768x1141.jpg 768w, https:\/\/www.edwigecheveuxauvent.fr\/wp-content\/uploads\/2021\/07\/13-Cheveux-au-vent-Juin-21-Photo-Laurent-Ouissse29-rotated.jpg 1020w\" sizes=\"auto, (max-width: 689px) 100vw, 689px\" \/><\/figure>\n\n\n\n<div class=\"wp-block-columns is-layout-flex wp-container-core-columns-is-layout-9d6595d7 wp-block-columns-is-layout-flex\">\n<div class=\"wp-block-column is-layout-flow wp-block-column-is-layout-flow\" style=\"flex-basis:100%\">\n<div class=\"wp-block-media-text alignwide is-stacked-on-mobile is-vertically-aligned-center\" style=\"grid-template-columns:34% auto\"><figure class=\"wp-block-media-text__media\"><img loading=\"lazy\" decoding=\"async\" width=\"650\" height=\"1024\" src=\"https:\/\/www.edwigecheveuxauvent.fr\/wp-content\/uploads\/2021\/01\/fleur1-650x1024.jpg\" alt=\"\" class=\"wp-image-101 size-full\" srcset=\"https:\/\/www.edwigecheveuxauvent.fr\/wp-content\/uploads\/2021\/01\/fleur1-650x1024.jpg 650w, https:\/\/www.edwigecheveuxauvent.fr\/wp-content\/uploads\/2021\/01\/fleur1-191x300.jpg 191w, https:\/\/www.edwigecheveuxauvent.fr\/wp-content\/uploads\/2021\/01\/fleur1.jpg 682w\" sizes=\"auto, (max-width: 650px) 100vw, 650px\" \/><\/figure><div class=\"wp-block-media-text__content\">\n<p class=\"has-text-align-left\">Le massage indien shirotchampi est un massage issu de la m\u00e9decine ayurv\u00e9dique \u00e0 base d&rsquo;huile, pratiqu\u00e9 sur le haut du corps, des omoplates au visages en passant par le cuir chevelu. Il se r\u00e9alise en position assise dans un environnement apaisant. En sanskrit \u00ab shirot\u00bb veut dire t\u00eate et \u00abChampi \u00bb massage. Combinant des mouvements doux et appuy\u00e9s, il procure calme, apaisement et dynamise l&rsquo;organisme. Il s&rsquo;adresse \u00e0 toutes personnes d\u00e9sireuses de s&rsquo;offrir un moment privil\u00e9gi\u00e9.<\/p>\n<\/div><\/div>\n<\/div>\n<\/div>\n\n\n\n<figure class=\"wp-block-image size-large\"><img loading=\"lazy\" decoding=\"async\" width=\"683\" height=\"1024\" src=\"https:\/\/www.edwigecheveuxauvent.fr\/wp-content\/uploads\/2021\/07\/14-Cheveux-au-vent-Juin-21-Photo-Laurent-Ouissse30-683x1024.jpg\" alt=\"\" class=\"wp-image-760\" srcset=\"https:\/\/www.edwigecheveuxauvent.fr\/wp-content\/uploads\/2021\/07\/14-Cheveux-au-vent-Juin-21-Photo-Laurent-Ouissse30-683x1024.jpg 683w, https:\/\/www.edwigecheveuxauvent.fr\/wp-content\/uploads\/2021\/07\/14-Cheveux-au-vent-Juin-21-Photo-Laurent-Ouissse30-200x300.jpg 200w, https:\/\/www.edwigecheveuxauvent.fr\/wp-content\/uploads\/2021\/07\/14-Cheveux-au-vent-Juin-21-Photo-Laurent-Ouissse30-768x1152.jpg 768w, https:\/\/www.edwigecheveuxauvent.fr\/wp-content\/uploads\/2021\/07\/14-Cheveux-au-vent-Juin-21-Photo-Laurent-Ouissse30-rotated.jpg 1020w\" sizes=\"auto, (max-width: 683px) 100vw, 683px\" \/><\/figure>\n\n\n\n<figure class=\"wp-block-image size-large\"><img loading=\"lazy\" decoding=\"async\" width=\"683\" height=\"1024\" src=\"https:\/\/www.edwigecheveuxauvent.fr\/wp-content\/uploads\/2021\/07\/6-Cheveux-au-vent-Juin-21-Photo-Laurent-Ouissse21-683x1024.jpg\" alt=\"\" class=\"wp-image-746\" srcset=\"https:\/\/www.edwigecheveuxauvent.fr\/wp-content\/uploads\/2021\/07\/6-Cheveux-au-vent-Juin-21-Photo-Laurent-Ouissse21-683x1024.jpg 683w, https:\/\/www.edwigecheveuxauvent.fr\/wp-content\/uploads\/2021\/07\/6-Cheveux-au-vent-Juin-21-Photo-Laurent-Ouissse21-200x300.jpg 200w, https:\/\/www.edwigecheveuxauvent.fr\/wp-content\/uploads\/2021\/07\/6-Cheveux-au-vent-Juin-21-Photo-Laurent-Ouissse21-768x1152.jpg 768w, https:\/\/www.edwigecheveuxauvent.fr\/wp-content\/uploads\/2021\/07\/6-Cheveux-au-vent-Juin-21-Photo-Laurent-Ouissse21-rotated.jpg 1020w\" sizes=\"auto, (max-width: 683px) 100vw, 683px\" \/><\/figure>\n\n\n\n<figure class=\"wp-block-image size-large\"><img loading=\"lazy\" decoding=\"async\" width=\"1020\" height=\"1020\" src=\"https:\/\/www.edwigecheveuxauvent.fr\/wp-content\/uploads\/2021\/07\/8-Cheveux-au-vent-Juin-21-Photo-Laurent-Ouissse27.jpg\" alt=\"\" class=\"wp-image-750\" srcset=\"https:\/\/www.edwigecheveuxauvent.fr\/wp-content\/uploads\/2021\/07\/8-Cheveux-au-vent-Juin-21-Photo-Laurent-Ouissse27.jpg 1020w, https:\/\/www.edwigecheveuxauvent.fr\/wp-content\/uploads\/2021\/07\/8-Cheveux-au-vent-Juin-21-Photo-Laurent-Ouissse27-300x300.jpg 300w, https:\/\/www.edwigecheveuxauvent.fr\/wp-content\/uploads\/2021\/07\/8-Cheveux-au-vent-Juin-21-Photo-Laurent-Ouissse27-150x150.jpg 150w, https:\/\/www.edwigecheveuxauvent.fr\/wp-content\/uploads\/2021\/07\/8-Cheveux-au-vent-Juin-21-Photo-Laurent-Ouissse27-768x768.jpg 768w, https:\/\/www.edwigecheveuxauvent.fr\/wp-content\/uploads\/2021\/07\/8-Cheveux-au-vent-Juin-21-Photo-Laurent-Ouissse27-100x100.jpg 100w\" sizes=\"auto, (max-width: 767px) 89vw, (max-width: 1000px) 54vw, (max-width: 1071px) 543px, 580px\" \/><\/figure>\n\n\n\n<figure class=\"wp-block-image size-large\"><img loading=\"lazy\" decoding=\"async\" width=\"689\" height=\"1024\" src=\"https:\/\/www.edwigecheveuxauvent.fr\/wp-content\/uploads\/2021\/07\/7-Cheveux-au-vent-Juin-21-Photo-Laurent-Ouissse25-689x1024.jpg\" alt=\"\" class=\"wp-image-748\" srcset=\"https:\/\/www.edwigecheveuxauvent.fr\/wp-content\/uploads\/2021\/07\/7-Cheveux-au-vent-Juin-21-Photo-Laurent-Ouissse25-689x1024.jpg 689w, https:\/\/www.edwigecheveuxauvent.fr\/wp-content\/uploads\/2021\/07\/7-Cheveux-au-vent-Juin-21-Photo-Laurent-Ouissse25-202x300.jpg 202w, https:\/\/www.edwigecheveuxauvent.fr\/wp-content\/uploads\/2021\/07\/7-Cheveux-au-vent-Juin-21-Photo-Laurent-Ouissse25-768x1141.jpg 768w, https:\/\/www.edwigecheveuxauvent.fr\/wp-content\/uploads\/2021\/07\/7-Cheveux-au-vent-Juin-21-Photo-Laurent-Ouissse25-rotated.jpg 1020w\" sizes=\"auto, (max-width: 689px) 100vw, 689px\" \/><\/figure>\n\n\n\n<p><strong>Les bienfaits&nbsp;:<\/strong><\/p>\n\n\n\n<figure class=\"wp-block-image size-large\"><img loading=\"lazy\" decoding=\"async\" width=\"526\" height=\"814\" src=\"https:\/\/www.edwigecheveuxauvent.fr\/wp-content\/uploads\/2021\/01\/fleur2-1.jpg\" alt=\"\" class=\"wp-image-112\" srcset=\"https:\/\/www.edwigecheveuxauvent.fr\/wp-content\/uploads\/2021\/01\/fleur2-1.jpg 526w, https:\/\/www.edwigecheveuxauvent.fr\/wp-content\/uploads\/2021\/01\/fleur2-1-194x300.jpg 194w\" sizes=\"auto, (max-width: 526px) 100vw, 526px\" \/><\/figure>\n\n\n\n<ul class=\"wp-block-list\"><li>stimulation du cuir chevelu<\/li><li>gaine et nourrit le cheveu<\/li><li>repousse des cheveux<\/li><li>d\u00e9tente physique et psychique<\/li><li>aide \u00e0 la pr\u00e9vention de la migraine<\/li><li>circulation sanguine<\/li><li>augmente la concentration<\/li><\/ul>\n\n\n\n<figure class=\"wp-block-image size-large is-resized is-style-default\"><img loading=\"lazy\" decoding=\"async\" src=\"https:\/\/www.edwigecheveuxauvent.fr\/wp-content\/uploads\/2021\/03\/edwige-boutet-peinture02-1.jpg\" alt=\"\" class=\"wp-image-544\" width=\"95\" height=\"138\" srcset=\"https:\/\/www.edwigecheveuxauvent.fr\/wp-content\/uploads\/2021\/03\/edwige-boutet-peinture02-1.jpg 345w, https:\/\/www.edwigecheveuxauvent.fr\/wp-content\/uploads\/2021\/03\/edwige-boutet-peinture02-1-207x300.jpg 207w\" sizes=\"auto, (max-width: 95px) 100vw, 95px\" \/><\/figure>\n\n\n\n<ul class=\"wp-block-list\"><li>am\u00e9liore le sommeil<\/li><li>apport d&rsquo;oxyg\u00e8ne et de sang dans le cerveau<\/li><li>stimulation de la peau soin anti-ride, lissage<\/li><li>calme et clarifie le mental<\/li><\/ul>\n\n\n\n<figure class=\"wp-block-image size-large is-resized\"><img loading=\"lazy\" decoding=\"async\" src=\"https:\/\/www.edwigecheveuxauvent.fr\/wp-content\/uploads\/2021\/03\/edwige-boutet-peinture03.jpg\" alt=\"\" class=\"wp-image-546\" width=\"98\" height=\"150\"\/><\/figure>\n\n\n\n<ul class=\"wp-block-list\"><li>d\u00e9gage les sinus<\/li><li>tonifie l&rsquo;organisme<\/li><li>stimule le syst\u00e8me lymphatique<\/li><li>r\u00e9duit les tensions musculaires<\/li><li>r\u00e9duit le stress.<\/li><\/ul>\n\n\n\n<p><strong>Grille tarifaire :<\/strong><\/p>\n\n\n\n<ul class=\"wp-block-list\"><li>Massage entier : 35 euros<\/li><li>Massage + shampoing : 40 euros<\/li><li>Massage + Shampoing + deuxi\u00e8me vibration (sans coupe) : 45 euros<\/li><li>Massage entier+ shampoing+ Coupe vibratoire : 80 euros \/ 75  \u00e9tudiants et ch\u00f4meurs. <\/li><\/ul>\n\n\n\n<div class=\"wp-block-group alignwide\"><div class=\"wp-block-group__inner-container is-layout-flow wp-block-group-is-layout-flow\">\n<div class=\"wp-block-media-text alignwide has-media-on-the-right is-stacked-on-mobile\"><figure class=\"wp-block-media-text__media\"><img loading=\"lazy\" decoding=\"async\" width=\"158\" height=\"250\" src=\"https:\/\/www.edwigecheveuxauvent.fr\/wp-content\/uploads\/2021\/03\/GIF-FLEURS-V2-petit2.gif\" alt=\"\" class=\"wp-image-456 size-full\"\/><\/figure><div class=\"wp-block-media-text__content\">\n<p><strong><span class=\"has-inline-color has-vivid-red-color\">Cartes-cadeaux&nbsp;:<\/span><\/strong><\/p>\n\n\n\n<p>Offrez une invitation personnalis\u00e9e, invitation \u00e0 vivre un vrai moment de bien-\u00eatre et de soins \u00e9nergisants en offrant une coupe vibratoire et\/ou un massage ayurv\u00e9dique.<\/p>\n\n\n\n<p>Invitation sous la forme de cartes uniques et peintes par mes soins dont l&rsquo;inspiration m&rsquo;est venue en puisant dans la lumi\u00e8re d&rsquo;un jardin.<\/p>\n<\/div><\/div>\n<\/div><\/div>\n","protected":false},"excerpt":{"rendered":"<p>Le massage indien shirotchampi est un massage issu de la m\u00e9decine aryuv\u00e9dique \u00e0 base d&rsquo;huile, pratiqu\u00e9 sur le haut du corps, des omoplates au visages en passant par le cuir chevelu. <\/p>\n","protected":false},"author":1,"featured_media":0,"comment_status":"open","ping_status":"open","sticky":false,"template":"","format":"standard","meta":{"footnotes":""},"categories":[8,9],"tags":[38,12,21,22,35,34,16,13,19,24,25,28,33,14,17,15,20,23,26],"class_list":["post-209","post","type-post","status-publish","format-standard","hentry","category-coiffure","category-massages","tag-art","tag-artisan-a-velo-eco-responsable","tag-bien-etre","tag-cheveux-vivants","tag-coiffure","tag-coiffure-traditionnelle","tag-coupe-de-cheveux-en-conscience","tag-coupe-vibratoire","tag-demarche-holistique","tag-dimension-esthetique-et-artistique","tag-lien-avec-la-lune-et-les-saisons","tag-lune","tag-massage-cranien-shiatsu","tag-massage-energetique","tag-massage-shiatsu-cranien-et-massage-aryuvedique","tag-respect-du-vivant","tag-soins-naturels","tag-visage","tag-visagisme"],"_links":{"self":[{"href":"https:\/\/www.edwigecheveuxauvent.fr\/index.php?rest_route=\/wp\/v2\/posts\/209","targetHints":{"allow":["GET"]}}],"collection":[{"href":"https:\/\/www.edwigecheveuxauvent.fr\/index.php?rest_route=\/wp\/v2\/posts"}],"about":[{"href":"https:\/\/www.edwigecheveuxauvent.fr\/index.php?rest_route=\/wp\/v2\/types\/post"}],"author":[{"embeddable":true,"href":"https:\/\/www.edwigecheveuxauvent.fr\/index.php?rest_route=\/wp\/v2\/users\/1"}],"replies":[{"embeddable":true,"href":"https:\/\/www.edwigecheveuxauvent.fr\/index.php?rest_route=%2Fwp%2Fv2%2Fcomments&post=209"}],"version-history":[{"count":30,"href":"https:\/\/www.edwigecheveuxauvent.fr\/index.php?rest_route=\/wp\/v2\/posts\/209\/revisions"}],"predecessor-version":[{"id":949,"href":"https:\/\/www.edwigecheveuxauvent.fr\/index.php?rest_route=\/wp\/v2\/posts\/209\/revisions\/949"}],"wp:attachment":[{"href":"https:\/\/www.edwigecheveuxauvent.fr\/index.php?rest_route=%2Fwp%2Fv2%2Fmedia&parent=209"}],"wp:term":[{"taxonomy":"category","embeddable":true,"href":"https:\/\/www.edwigecheveuxauvent.fr\/index.php?rest_route=%2Fwp%2Fv2%2Fcategories&post=209"},{"taxonomy":"post_tag","embeddable":true,"href":"https:\/\/www.edwigecheveuxauvent.fr\/index.php?rest_route=%2Fwp%2Fv2%2Ftags&post=209"}],"curies":[{"name":"wp","href":"https:\/\/api.w.org\/{rel}","templated":true}]}}