{"id":320,"date":"2021-02-28T11:56:00","date_gmt":"2021-02-28T10:56:00","guid":{"rendered":"https:\/\/www.edwigecheveuxauvent.fr\/?p=320"},"modified":"2023-08-30T13:28:12","modified_gmt":"2023-08-30T11:28:12","slug":"ma-pratique-artistique","status":"publish","type":"post","link":"https:\/\/www.edwigecheveuxauvent.fr\/?p=320","title":{"rendered":"Ma pratique artistique"},"content":{"rendered":"\n<div class=\"wp-block-columns is-layout-flex wp-container-core-columns-is-layout-9d6595d7 wp-block-columns-is-layout-flex\">\n<div class=\"wp-block-column is-layout-flow wp-block-column-is-layout-flow\">\n<div class=\"wp-block-media-text alignwide is-stacked-on-mobile is-vertically-aligned-top\" style=\"grid-template-columns:46% auto\"><figure class=\"wp-block-media-text__media\"><img loading=\"lazy\" decoding=\"async\" width=\"360\" height=\"250\" src=\"https:\/\/www.edwigecheveuxauvent.fr\/wp-content\/uploads\/2021\/03\/boutet-dessins-monstre.jpg\" alt=\"\" class=\"wp-image-509 size-full\" srcset=\"https:\/\/www.edwigecheveuxauvent.fr\/wp-content\/uploads\/2021\/03\/boutet-dessins-monstre.jpg 360w, https:\/\/www.edwigecheveuxauvent.fr\/wp-content\/uploads\/2021\/03\/boutet-dessins-monstre-300x208.jpg 300w\" sizes=\"auto, (max-width: 360px) 100vw, 360px\" \/><\/figure><div class=\"wp-block-media-text__content\">\n<p><strong>Visage, visagisme&nbsp;:<\/strong> J&rsquo;ai d\u00e9velopp\u00e9 une pratique artistique m\u00ealant plusieurs techniques, dessin au stylo bille, encre, pastel, fusain, peinture ( acrylique, gouache) vid\u00e9o, pratique qui s&rsquo;est peu peu orient\u00e9e vers la figure, le portrait, le visage et l&rsquo;Iconographie. <\/p>\n<\/div><\/div>\n<\/div>\n<\/div>\n\n\n\n<p>Ainsi entre novembre 2019 et juin 2019, j&rsquo;ai effectu\u00e9 18 portraits d&rsquo;apr\u00e8s mod\u00e8les vivants qui ont \u00e9t\u00e9 expos\u00e9s \u00e0 Mauves-sur-Loire et \u00e0 la librairie des Enfants terribles \u00e0 Nantes.<\/p>\n\n\n\n<p><a href=\"http:\/\/lesenfantsterribles.hautetfort.com\/exposition\/\">http:\/\/lesenfantsterribles.hautetfort.com\/exposition\/<\/a><\/p>\n\n\n\n<div class=\"wp-block-columns is-layout-flex wp-container-core-columns-is-layout-9d6595d7 wp-block-columns-is-layout-flex\">\n<div class=\"wp-block-column is-layout-flow wp-block-column-is-layout-flow\">\n<div class=\"wp-block-media-text alignwide has-media-on-the-right is-stacked-on-mobile\"><div class=\"wp-block-media-text__content\">\n<p><\/p>\n\n\n\n<p>Ce travail a anticip\u00e9 et pr\u00e9par\u00e9 ce qui fonde aujourd&rsquo;hui mon m\u00e9tier de coiffeuse ; le go\u00fbt du visage humain, son \u00e9nigme, sa beaut\u00e9, sa singularit\u00e9 et son in\u00e9puisable myst\u00e8re. Je mesure combien mes \u00e9tudes artistiques et mes cr\u00e9ations m&rsquo;aident \u00e0 saisir les \u00e9quilibres et les formes du visage et guident ma pratique en coiffure, en cherchant quelle coiffure peut sublimer un visage, l&rsquo;affirmer ou au contraire l&rsquo;adoucir, le r\u00e9v\u00e9ler, l&rsquo;\u00e9clairer.<\/p>\n<\/div><figure class=\"wp-block-media-text__media\"><img loading=\"lazy\" decoding=\"async\" width=\"188\" height=\"250\" src=\"https:\/\/www.edwigecheveuxauvent.fr\/wp-content\/uploads\/2021\/03\/boutet-portraits-dominique.jpg\" alt=\"\" class=\"wp-image-492 size-full\"\/><\/figure><\/div>\n<\/div>\n<\/div>\n\n\n\n<h2 class=\"wp-block-heading\"><strong>Description d&rsquo;un travail artistique : <em>Dix-huit portraits avec fond<\/em>, Mauves sur Loire, Novembre 2017 \u00e0 Juin 2018<\/strong><\/h2>\n\n\n\n<div class=\"wp-block-media-text alignwide is-stacked-on-mobile\"><figure class=\"wp-block-media-text__media\"><img loading=\"lazy\" decoding=\"async\" width=\"188\" height=\"250\" src=\"https:\/\/www.edwigecheveuxauvent.fr\/wp-content\/uploads\/2021\/03\/boutet-portraits-mathias.jpg\" alt=\"\" class=\"wp-image-493 size-full\"\/><\/figure><div class=\"wp-block-media-text__content\">\n<p class=\"has-large-font-size\">Le rendez-vous est fix\u00e9 dans l&rsquo;atelier, <\/p>\n\n\n\n<p>petite pi\u00e8ce toute simple avec ses murs blancs, son plancher, et sa fen\u00eatre. J&rsquo;y reviendrai \u00e0 la fen\u00eatre, j&rsquo;y reviens toujours, car elle est l&rsquo;Ouvert. Le jour de ton portrait, j&rsquo;arrive en amont, je me pr\u00e9pare \u00e0 te recevoir. Je me mets dans une attente, tranquille et parfois nerveuse. Je te propose cette exp\u00e9rience du portrait dans un espace qui n&rsquo;est pas mon chez moi.<\/p>\n<\/div><\/div>\n\n\n\n<div class=\"wp-block-media-text alignwide has-media-on-the-right is-stacked-on-mobile\"><div class=\"wp-block-media-text__content\">\n<h1 class=\"wp-block-heading\">Ainsi, nous serons tous deux de passage,<\/h1>\n\n\n\n<p>nous serons ici m\u00eame des passants. Un espace d\u00e9sencombr\u00e9 de mon quotidien et de mes habitudes, un lieu r\u00e9serv\u00e9 \u00e0 la cr\u00e9ation. \u00ab Une chambre \u00e0 soi \u00bb dirait Virginia Woolf. Un espace pour faire na\u00eetre des questions, pour co-na\u00eetre. Je t&rsquo;y invite pour quelques heures car il nous faut bien r\u00e9sonner par segments pour commencer. Ni le hasard, ni la n\u00e9cessit\u00e9 ne nous ont rassembl\u00e9 en ce lieu. Seule une disponibilit\u00e9 qui s&rsquo;est offerte comme un cadeau et aussi la curiosit\u00e9 qui nous pousse \u00e0 vivre, \u00e0 oser.<\/p>\n<\/div><figure class=\"wp-block-media-text__media\"><img loading=\"lazy\" decoding=\"async\" width=\"145\" height=\"250\" src=\"https:\/\/www.edwigecheveuxauvent.fr\/wp-content\/uploads\/2021\/03\/boutet-portraits-line.jpg\" alt=\"\" class=\"wp-image-494 size-full\"\/><\/figure><\/div>\n\n\n\n<h1 class=\"wp-block-heading\">Et tu viens \u00e0 ta mani\u00e8re,<\/h1>\n\n\n\n<div class=\"wp-block-media-text alignwide is-stacked-on-mobile\"><figure class=\"wp-block-media-text__media\"><img loading=\"lazy\" decoding=\"async\" width=\"172\" height=\"250\" src=\"https:\/\/www.edwigecheveuxauvent.fr\/wp-content\/uploads\/2021\/03\/boutet-portraits-vero.jpg\" alt=\"\" class=\"wp-image-495 size-full\"\/><\/figure><div class=\"wp-block-media-text__content\">\n<p>chaque fois singuli\u00e8re, ta fa\u00e7on d&rsquo;appara\u00eetre, de franchir le seuil de l&rsquo;atelier. Une sorte de rituel s&rsquo;est peu \u00e0 peu dessin\u00e9, sans pr\u00e9m\u00e9ditation. Nous nous sommes laiss\u00e9s couler dans ce rituel, simple et mouvant qui consiste \u00e0 accepter de poser plusieurs heures selon une posture choisie par toi. Ne jamais regarder le travail en cours. Parfois, nous arr\u00eater pour d\u00e9jeuner, s&rsquo;a\u00e9rer, tu es libre de tes mouvements en dehors et pendant les moment o\u00f9 tu poses, libre de te reposer, de suspendre ce temps, de t&rsquo;endormir au besoin, te r\u00e9veiller, de parler, converser, raconter, de rire, de faire le silence, de reprendre et te reformer&#8230;<\/p>\n<\/div><\/div>\n\n\n\n<h1 class=\"wp-block-heading\">Du temps passe, du matin, nous sommes pass\u00e9s \u00e0 l&rsquo;apr\u00e8s midi.<\/h1>\n\n\n\n<div class=\"wp-block-media-text alignwide has-media-on-the-right is-stacked-on-mobile\"><div class=\"wp-block-media-text__content\">\n<p>Nous avan\u00e7ons de concert, nous sommes ensemble pendant ce long temps qui nous est offert.C&rsquo;est important que tu le saches. Je suis enti\u00e8rement l\u00e0, comme toi. Nous avons choisi et nous assumons ce temps de la Pr\u00e9sence. Le dispositif est chaque fois le m\u00eame.Tu prends place, de pr\u00e9f\u00e9rence assis, quoique, \u00e0 toi de voir. Tu choisis une chaise, un fauteuil, une mani\u00e8re d&rsquo;\u00eatre install\u00e9, de poser ton corps, de donner vie. Tu fais face \u00e0 la fen\u00eatre par laquelle tu pourras regarder la Loire et la lumi\u00e8re s&rsquo;\u00e9couler, \u00eatre au c\u0153ur d&rsquo;une exp\u00e9rience du temps et du songe. Une forme de m\u00e9ditation, de r\u00eaverie \u00e9veill\u00e9e. Je te propose ce cadre, avec ce paysage de Loire, le mouvement de l&rsquo;eau, les courants, les mar\u00e9es, le ciel travers\u00e9 d&rsquo;oiseaux, les reflets, le passage des trains&#8230;<\/p>\n<\/div><figure class=\"wp-block-media-text__media\"><img loading=\"lazy\" decoding=\"async\" width=\"173\" height=\"250\" src=\"https:\/\/www.edwigecheveuxauvent.fr\/wp-content\/uploads\/2021\/03\/boutet-portraits-bene.jpg\" alt=\"\" class=\"wp-image-496 size-full\"\/><\/figure><\/div>\n\n\n\n<h1 class=\"wp-block-heading\">Je t&rsquo;invite \u00e0 te d\u00e9poser,<\/h1>\n\n\n\n<div class=\"wp-block-media-text alignwide is-stacked-on-mobile\"><figure class=\"wp-block-media-text__media\"><img loading=\"lazy\" decoding=\"async\" width=\"141\" height=\"250\" src=\"https:\/\/www.edwigecheveuxauvent.fr\/wp-content\/uploads\/2021\/03\/boutet-portraits-coralie.jpg\" alt=\"\" class=\"wp-image-497 size-full\"\/><\/figure><div class=\"wp-block-media-text__content\">\n<p><\/p>\n\n\n\n<p>\u00e0 \u00eatre attentif \u00e0 ta posture, pendant que de mon c\u00f4t\u00e9 je commence \u00e0 te regarder, \u00e0 me risquer vers toi, l&rsquo;inconnu(e) m\u00eame toi, surtout toi, que je crois bien conna\u00eetre. Et toi que je ne connais que tr\u00e8s peu\u2026 Quel regard porter vers toi ? Je n&rsquo;ai aucune r\u00e9ponse \u00e0 cette question alors je cesse de r\u00e9fl\u00e9chir. Je prends le risque de te regarder, de regarder ton visage avec confiance et d\u00e9j\u00e0 je sens que tu m&rsquo;\u00e9chappes\u2026 <\/p>\n<\/div><\/div>\n\n\n\n<div class=\"wp-block-media-text alignwide has-media-on-the-right is-stacked-on-mobile\"><div class=\"wp-block-media-text__content\">\n<p class=\"has-large-font-size\">Plus je te regarde, <\/p>\n\n\n\n<p>plus je suis aveugl\u00e9e, ma vue se brouillonne, c&rsquo;est une dr\u00f4le d&rsquo;exp\u00e9rience, une sorte de d\u00e9paysement, de perte de contr\u00f4le comme si je n&rsquo;\u00e9tais plus que d\u00e9sir, \u00e9lan, tension vers toi et que dans le m\u00eame temps, je m&rsquo;\u00e9crasais comme un moustique contre ce grand papier bleu clair que j&rsquo;ai punais\u00e9 au mur et devant lequel je suis assise.. Un grand papier bleut\u00e9, plus haut que large. Tu y apparais en entier la plupart du temps. Parfois, saisi dans ta pause, de la t\u00eate aux pieds, comme un d\u00e9ploiement, une construction d\u00e9licate r\u00e9alis\u00e9e sur le grand papier et parfois ramass\u00e9, concentr\u00e9, ramen\u00e9 \u00e0 l&rsquo;essentiel\u2026<\/p>\n<\/div><figure class=\"wp-block-media-text__media\"><img loading=\"lazy\" decoding=\"async\" width=\"188\" height=\"250\" src=\"https:\/\/www.edwigecheveuxauvent.fr\/wp-content\/uploads\/2021\/03\/boutet-portraits-anne.jpg\" alt=\"\" class=\"wp-image-498 size-full\"\/><\/figure><\/div>\n\n\n\n<h1 class=\"wp-block-heading\">Alors, tout en respirant, en soufflant, en riant, en faisant silence,<\/h1>\n\n\n\n<div class=\"wp-block-media-text alignwide is-stacked-on-mobile\"><figure class=\"wp-block-media-text__media\"><img loading=\"lazy\" decoding=\"async\" width=\"140\" height=\"250\" src=\"https:\/\/www.edwigecheveuxauvent.fr\/wp-content\/uploads\/2021\/03\/boutet-portraits-cecile.jpg\" alt=\"\" class=\"wp-image-499 size-full\"\/><\/figure><div class=\"wp-block-media-text__content\">\n<p>je me mets \u00e0 ex\u00e9cuter une sorte de danse faites de gestes et de sons, je dessine au crayon, je gomme, je dessine, je gomme, il me semble que je vais percer le mur \u00e0 force de m&rsquo;\u00e9craser. Puis, une \u00e9bauche appara\u00eet, se forme, une esquisse, un croquis tr\u00e8s p\u00e2le. Cela tient debout, cela ressemble \u00e0 un visage, \u00e0 ton visage je ne sais pas encore, je n&rsquo;y vois pas grand chose. Nous prenons un temps de pause, de recul. Je te regarde dans la distance mais pas longtemps, je dois demeurer dans cette folle confiance et ne surtout pas penser.<\/p>\n<\/div><\/div>\n\n\n\n<h1 class=\"wp-block-heading\">Une fois ce temps pass\u00e9<\/h1>\n\n\n\n<div class=\"wp-block-media-text alignwide has-media-on-the-right is-stacked-on-mobile\"><div class=\"wp-block-media-text__content\">\n<p>\u00e0 d\u00e9jeuner, il me faut pr\u00e9parer les couleurs, les m\u00e9langes, disposer d&rsquo;une eau claire, choisir mes palettes, mes pinceaux. Puis viennent les gestes plus d\u00e9licats, les petites touches avec le pinceau et plus cela avance plus je deviens aveugle face \u00e0 ton visage, mon \u0153il s&rsquo;amenuise, se r\u00e9tracte pour mieux laisser sourdre la chair et la lumi\u00e8re de ton visage. Parfois il se ferme sans que l&rsquo;on sache pourquoi. La beaut\u00e9 et le myst\u00e8re me d\u00e9passent, me d\u00e9bordent, je dois me r\u00e9server, me faire toute petite pour que tu l\u00e8ves que tu germes sur le papier, au milieu de ce monde ind\u00e9chiffrable que m&rsquo;offre ton visage. Rien n&rsquo;est plus beau que ton visage. Rien n&rsquo;est plus \u00e9trange. Chaque fois, je suis saisie par cette exp\u00e9rience bouleversante. Il me faut laisser de c\u00f4t\u00e9 tout mon savoir, mon assurance, mon exp\u00e9rience, mes livres, et \u00eatre dans ce grand myst\u00e8re.<\/p>\n<\/div><figure class=\"wp-block-media-text__media\"><img loading=\"lazy\" decoding=\"async\" width=\"141\" height=\"250\" src=\"https:\/\/www.edwigecheveuxauvent.fr\/wp-content\/uploads\/2021\/03\/boutet-portraits-laureen.jpg\" alt=\"\" class=\"wp-image-500 size-full\"\/><\/figure><\/div>\n\n\n\n<h1 class=\"wp-block-heading\">J&rsquo;avance vers toi comme une enfant,<\/h1>\n\n\n\n<div class=\"wp-block-media-text alignwide has-media-on-the-right is-stacked-on-mobile\"><div class=\"wp-block-media-text__content\">\n<p>dans un esprit d&rsquo;enfance, c&rsquo;est ma fa\u00e7on d&rsquo;y aller, \u00e0 l&rsquo;aventure, simplement et joyeusement. Je t\u00e2tonne la plupart de temps, je caresse ton visage avec mes pinceaux, je colore tes joues, cerne tes yeux,allume ta pupille, balaye tes cheveux, ourle tes l\u00e8vres, arpente tes v\u00eatements, mesure tes choix, les accepte m\u00eame quand ils me renvoient de la difficult\u00e9, de la pure alt\u00e9rit\u00e9, je t\u00e9moigne de tes plis, de tes mains, tes rides aussi, tes fossettes, tes bijoux choisis pour l&rsquo;occasion ou par fid\u00e9lit\u00e9 \u00e0 toi m\u00eame, tous ces signes que tu offres au monde sans qu&rsquo;il s&rsquo;en \u00e9meuve.<\/p>\n<\/div><figure class=\"wp-block-media-text__media\"><img loading=\"lazy\" decoding=\"async\" width=\"188\" height=\"250\" src=\"https:\/\/www.edwigecheveuxauvent.fr\/wp-content\/uploads\/2021\/03\/boutet-portraits-gaelle.jpg\" alt=\"\" class=\"wp-image-501 size-full\"\/><\/figure><\/div>\n\n\n\n<div class=\"wp-block-media-text alignwide is-stacked-on-mobile\"><figure class=\"wp-block-media-text__media\"><img loading=\"lazy\" decoding=\"async\" width=\"152\" height=\"250\" src=\"https:\/\/www.edwigecheveuxauvent.fr\/wp-content\/uploads\/2021\/03\/boutet-portraits-javiera.jpg\" alt=\"\" class=\"wp-image-502 size-full\"\/><\/figure><div class=\"wp-block-media-text__content\">\n<p class=\"has-large-font-size\">Peu \u00e0 peu, je t&rsquo;unifie, <\/p>\n\n\n\n<p>lentement et s\u00fbrement, il ne m&rsquo;est pas permis de te diviser, je cherche \u00e0 te rassembler, \u00e0 te lier, \u00e0 te comprendre, mais je sens bien que tu m&rsquo;\u00e9chappes. Tu me r\u00e9sistes, parfois durement, il me faut alors encore plus m&rsquo;abandonner et ne surtout pas c\u00e9der au d\u00e9couragement. Repartir du c\u0153ur, du n\u0153ud de la rencontre, de ce qui se passe l\u00e0 entre nous. Cette chance, ce cadeau, \u00eatre bien \u00e9veill\u00e9e \u00e0 ce moment l\u00e0. Cela nous emm\u00e8ne parfois tr\u00e8s tard, le temps avance autrement. Il y a aussi ce moment o\u00f9 tes mains m&rsquo;apparaissent..<\/p>\n<\/div><\/div>\n\n\n\n<h1 class=\"wp-block-heading\">Je suis au bord de tout laisser tomber<\/h1>\n\n\n\n<p>tant tes mains me d\u00e9couragent. Je respire, je regagne en profondeur, en l\u00e9g\u00e8ret\u00e9. Je c\u00e8de. Et parfois la gr\u00e2ce me saisit et me d\u00e9livre par tes  mains qui viennent se poser l&rsquo;une sur l&rsquo;autre comme un miracle. Un peu d&rsquo;inachev\u00e9 dans vos mains&#8230; C&rsquo;est une le\u00e7on, de celle qui font battre et grandir le c\u0153ur.<\/p>\n\n\n\n<h1 class=\"wp-block-heading\">Quand je sens que la fin approche,<\/h1>\n\n\n\n<div class=\"wp-block-media-text alignwide has-media-on-the-right is-stacked-on-mobile\"><div class=\"wp-block-media-text__content\">\n<p>je te propose de te mettre face au mur et de pouvoir enfin regarder ton portrait. Au pr\u00e9alable, je souhaite que tu choisisses un fond pour ton portrait,nous en discutons ensemble. Ce moment du face \u00e0 face, je ne saurais le d\u00e9crire. Il est pour moi source d&rsquo;une joie intense, d&rsquo;un \u00e9merveillement, comme assister \u00e0 un lever de soleil, contempler une lune pleine et ronde, je ressens une forme d&rsquo;accomplissement. Je suis t\u00e9moin et te remercie d&rsquo;y faire face. Il est difficile de se regarder, encore plus au travers d&rsquo;un autre regard et de se saisir dans la mati\u00e8re.<\/p>\n<\/div><figure class=\"wp-block-media-text__media\"><img loading=\"lazy\" decoding=\"async\" width=\"188\" height=\"250\" src=\"https:\/\/www.edwigecheveuxauvent.fr\/wp-content\/uploads\/2021\/03\/boutet-portraits-sol.jpg\" alt=\"\" class=\"wp-image-503 size-full\"\/><\/figure><\/div>\n\n\n\n<h1 class=\"wp-block-heading\">Tu es parfois d\u00e9\u00e7u, surpris, \u00e9tonn\u00e9,<\/h1>\n\n\n\n<div class=\"wp-block-media-text alignwide is-stacked-on-mobile\"><figure class=\"wp-block-media-text__media\"><img loading=\"lazy\" decoding=\"async\" width=\"188\" height=\"250\" src=\"https:\/\/www.edwigecheveuxauvent.fr\/wp-content\/uploads\/2021\/03\/boutet-portraits-bruno.jpg\" alt=\"\" class=\"wp-image-504 size-full\"\/><\/figure><div class=\"wp-block-media-text__content\">\n<p><\/p>\n\n\n\n<p>reconnaissant ou boulevers\u00e9, \u00e9mu, tu ris\u2026 un dr\u00f4le de m\u00e9lange, une exp\u00e9rience difficile et contradictoire comme un reflet mouvant de soi, une mise en relief qui creuse et met en distance, \u00e0 mal\u2026 \u00e7a fait \u00e9merger des histoires, des myst\u00e8res, des parent\u00e9s, des co\u00efncidences, des troubles, des d\u00e9ceptions aussi, c&rsquo;est un travail sur soi, vers soi. Une fa\u00e7on de se laisser reconna\u00eetre, de se d\u00e9-saisir, se d\u00e9prendre. Se faire face. Plus qu&rsquo;une confrontation, c&rsquo;est l&rsquo;exp\u00e9rience d&rsquo;une r\u00e9v\u00e9lation. Vient alors le moment d&rsquo;\u00e9voquer le fond. Quelles couleurs, quels tons, quelles lumi\u00e8res ?<\/p>\n<\/div><\/div>\n\n\n\n<h1 class=\"wp-block-heading\">Nous \u00e9changeons,<\/h1>\n\n\n\n<div class=\"wp-block-media-text alignwide has-media-on-the-right is-stacked-on-mobile\"><div class=\"wp-block-media-text__content\">\n<p><\/p>\n\n\n\n<p>je te fais part de mes intuitions quand j&rsquo;en ai, j&rsquo;\u00e9coute tes envies, parfois tu es s\u00fbr de toi, tu sais ce qu&rsquo;il te faut et parfois tu t&rsquo;en remets compl\u00e8tement \u00e0 moi. Et nous tranchons, je fabrique la couleur choisie en quantit\u00e9 car le fond est vaste et permettra de reprendre le visage, la posture si c&rsquo;est n\u00e9cessaire.Je commence \u00e0 appliquer la couleur en ta pr\u00e9sence, une fois, tu as souhait\u00e9 l&rsquo;appliquer toi m\u00eame, \u00e9tait-ce par esprit d&rsquo;ind\u00e9pendance, pour revenir \u00e0 toi\u2026 ?<\/p>\n<\/div><figure class=\"wp-block-media-text__media\"><img loading=\"lazy\" decoding=\"async\" width=\"188\" height=\"250\" src=\"https:\/\/www.edwigecheveuxauvent.fr\/wp-content\/uploads\/2021\/03\/boutet-portraits-joe-1.jpg\" alt=\"\" class=\"wp-image-510 size-full\"\/><\/figure><\/div>\n\n\n\n<h1 class=\"wp-block-heading\">C&rsquo;est le moment aussi o\u00f9 ton visage va \u00eatre mis en valeur,<\/h1>\n\n\n\n<div class=\"wp-block-media-text alignwide is-stacked-on-mobile\"><figure class=\"wp-block-media-text__media\"><img loading=\"lazy\" decoding=\"async\" width=\"163\" height=\"242\" src=\"https:\/\/www.edwigecheveuxauvent.fr\/wp-content\/uploads\/2021\/03\/boutet-portraits-zoe.jpg\" alt=\"\" class=\"wp-image-505 size-full\"\/><\/figure><div class=\"wp-block-media-text__content\">\n<p>en lumi\u00e8re, en r\u00e9sonance en contraste avec ce fond qui ouvre plus qu&rsquo;il ne limite, un fond comme une nouvelle question, une dimension, un courant mais aussi une pulsation, une intensit\u00e9 et les pr\u00e9mices d&rsquo;une disparition\u2026Un puits sans fond\u2026mais aussi un retour \u00e0 la surface pour nous aider \u00e0 sortir du travail, revenir \u00e0 nous, au quotidien qui d\u00e9j\u00e0 nous presse et exige.<\/p>\n<\/div><\/div>\n\n\n\n<h1 class=\"wp-block-heading\">J&rsquo;adore cet instant o\u00f9 tu apparais,<\/h1>\n\n\n\n<div class=\"wp-block-media-text alignwide has-media-on-the-right is-stacked-on-mobile\"><div class=\"wp-block-media-text__content\">\n<p><\/p>\n\n\n\n<p>o\u00f9 tu \u00e9merges de ce fond \u00e0 chaque fois unique et singulier. Nous coop\u00e9rons de bout en bout, c&rsquo;est un \u00e9change, un partage. Parfois tu ne souhaites pas de fond mais je ne te laisse pas le choix car ce sont des portraits qui peu \u00e0 peu forment un ensemble, se r\u00e9pondent, se compl\u00e8tent, s&rsquo;harmonisent, se rencontrent, il ne serait pas juste de les traiter diff\u00e9remment. J&rsquo;assume donc ce choix ; ils auront tous un fond, une p\u00e2te, une aura, une vibration, un espace au del\u00e0 d&rsquo;eux. Je ne retouche pas ton portrait, cela aussi fait partie du rituel, c&rsquo;est ma fa\u00e7on d&rsquo;\u00eatre fid\u00e8le \u00e0 toi, \u00e0 ta seule Pr\u00e9sence.<\/p>\n<\/div><figure class=\"wp-block-media-text__media\"><img loading=\"lazy\" decoding=\"async\" width=\"158\" height=\"250\" src=\"https:\/\/www.edwigecheveuxauvent.fr\/wp-content\/uploads\/2021\/03\/boutet-portraits-laure.jpg\" alt=\"\" class=\"wp-image-506 size-full\"\/><\/figure><\/div>\n\n\n\n<div class=\"wp-block-media-text alignwide is-stacked-on-mobile\"><figure class=\"wp-block-media-text__media\"><img loading=\"lazy\" decoding=\"async\" width=\"188\" height=\"250\" src=\"https:\/\/www.edwigecheveuxauvent.fr\/wp-content\/uploads\/2021\/03\/boutet-portraits-fred.jpg\" alt=\"\" class=\"wp-image-508 size-full\"\/><\/figure><div class=\"wp-block-media-text__content\">\n<p class=\"has-large-font-size\">Je n&rsquo;invente rien en dehors de la rencontre,<\/p>\n\n\n\n<p>ne cherche rien d&rsquo;autre que ta pr\u00e9sence. Je t\u00e9moigne simplement. Puis tu t&rsquo;en vas, en prenant le temps n\u00e9cessaire pour quitter l&rsquo;atelier, te d\u00e9tacher, parfois nous allons marcher dans la for\u00eat, respirer la lumi\u00e8re d&rsquo;une fin d&rsquo;apr\u00e8s midi. Le temps qu&rsquo;il faut aussi pour que je nettoie les pinceaux, remettre la pi\u00e8ce en ordre et pour que je quitte moi aussi cet espace-temps.<\/p>\n\n\n\n<p><\/p>\n<\/div><\/div>\n\n\n\n<figure class=\"wp-block-image size-large\"><img loading=\"lazy\" decoding=\"async\" width=\"787\" height=\"1024\" src=\"https:\/\/www.edwigecheveuxauvent.fr\/wp-content\/uploads\/2022\/06\/20220609_093841-787x1024.jpg\" alt=\"\" class=\"wp-image-955\" srcset=\"https:\/\/www.edwigecheveuxauvent.fr\/wp-content\/uploads\/2022\/06\/20220609_093841-787x1024.jpg 787w, https:\/\/www.edwigecheveuxauvent.fr\/wp-content\/uploads\/2022\/06\/20220609_093841-231x300.jpg 231w, https:\/\/www.edwigecheveuxauvent.fr\/wp-content\/uploads\/2022\/06\/20220609_093841-768x1000.jpg 768w, https:\/\/www.edwigecheveuxauvent.fr\/wp-content\/uploads\/2022\/06\/20220609_093841-1180x1536.jpg 1180w, https:\/\/www.edwigecheveuxauvent.fr\/wp-content\/uploads\/2022\/06\/20220609_093841-1574x2048.jpg 1574w, https:\/\/www.edwigecheveuxauvent.fr\/wp-content\/uploads\/2022\/06\/20220609_093841-scaled.jpg 1967w\" sizes=\"auto, (max-width: 767px) 89vw, (max-width: 1000px) 54vw, (max-width: 1071px) 543px, 580px\" \/><\/figure>\n\n\n\n<figure class=\"wp-block-gallery has-nested-images columns-default is-cropped wp-block-gallery-1 is-layout-flex wp-block-gallery-is-layout-flex\">\n<figure class=\"wp-block-image size-large\"><img loading=\"lazy\" decoding=\"async\" width=\"760\" height=\"1024\" data-id=\"957\" src=\"https:\/\/www.edwigecheveuxauvent.fr\/wp-content\/uploads\/2022\/06\/20220313_123134-760x1024.jpg\" alt=\"\" class=\"wp-image-957\" srcset=\"https:\/\/www.edwigecheveuxauvent.fr\/wp-content\/uploads\/2022\/06\/20220313_123134-760x1024.jpg 760w, https:\/\/www.edwigecheveuxauvent.fr\/wp-content\/uploads\/2022\/06\/20220313_123134-223x300.jpg 223w, https:\/\/www.edwigecheveuxauvent.fr\/wp-content\/uploads\/2022\/06\/20220313_123134-768x1035.jpg 768w, https:\/\/www.edwigecheveuxauvent.fr\/wp-content\/uploads\/2022\/06\/20220313_123134-1140x1536.jpg 1140w, https:\/\/www.edwigecheveuxauvent.fr\/wp-content\/uploads\/2022\/06\/20220313_123134-1520x2048.jpg 1520w, https:\/\/www.edwigecheveuxauvent.fr\/wp-content\/uploads\/2022\/06\/20220313_123134-scaled.jpg 1900w\" sizes=\"auto, (max-width: 706px) 89vw, (max-width: 767px) 82vw, 740px\" \/><\/figure>\n<\/figure>\n\n\n\n<p>Deux portraits r\u00e9alis\u00e9s cette ann\u00e9e  dont l&rsquo;un est une commande. <\/p>\n\n\n\n<figure class=\"wp-block-image size-large is-resized\"><img loading=\"lazy\" decoding=\"async\" src=\"https:\/\/www.edwigecheveuxauvent.fr\/wp-content\/uploads\/2023\/04\/20230418_201806-1024x768.jpg\" alt=\"\" class=\"wp-image-965\" style=\"width:322px;height:241px\" width=\"322\" height=\"241\" srcset=\"https:\/\/www.edwigecheveuxauvent.fr\/wp-content\/uploads\/2023\/04\/20230418_201806-1024x768.jpg 1024w, https:\/\/www.edwigecheveuxauvent.fr\/wp-content\/uploads\/2023\/04\/20230418_201806-300x225.jpg 300w, https:\/\/www.edwigecheveuxauvent.fr\/wp-content\/uploads\/2023\/04\/20230418_201806-768x576.jpg 768w, https:\/\/www.edwigecheveuxauvent.fr\/wp-content\/uploads\/2023\/04\/20230418_201806-1536x1152.jpg 1536w, https:\/\/www.edwigecheveuxauvent.fr\/wp-content\/uploads\/2023\/04\/20230418_201806-2048x1536.jpg 2048w\" sizes=\"auto, (max-width: 322px) 100vw, 322px\" \/><\/figure>\n\n\n\n<p>Portraits  avril-juin 2023.<\/p>\n\n\n\n<figure class=\"wp-block-gallery has-nested-images columns-default is-cropped wp-block-gallery-2 is-layout-flex wp-block-gallery-is-layout-flex\">\n<figure class=\"wp-block-image size-large\"><img loading=\"lazy\" decoding=\"async\" width=\"768\" height=\"1024\" data-id=\"977\" src=\"https:\/\/www.edwigecheveuxauvent.fr\/wp-content\/uploads\/2023\/05\/20230515_091106-768x1024.jpg\" alt=\"\" class=\"wp-image-977\" srcset=\"https:\/\/www.edwigecheveuxauvent.fr\/wp-content\/uploads\/2023\/05\/20230515_091106-768x1024.jpg 768w, https:\/\/www.edwigecheveuxauvent.fr\/wp-content\/uploads\/2023\/05\/20230515_091106-225x300.jpg 225w, https:\/\/www.edwigecheveuxauvent.fr\/wp-content\/uploads\/2023\/05\/20230515_091106-1152x1536.jpg 1152w, https:\/\/www.edwigecheveuxauvent.fr\/wp-content\/uploads\/2023\/05\/20230515_091106-1536x2048.jpg 1536w, https:\/\/www.edwigecheveuxauvent.fr\/wp-content\/uploads\/2023\/05\/20230515_091106-scaled.jpg 1920w\" sizes=\"auto, (max-width: 767px) 89vw, (max-width: 1000px) 54vw, (max-width: 1071px) 543px, 580px\" \/><\/figure>\n\n\n\n<figure class=\"wp-block-image size-large\"><img loading=\"lazy\" decoding=\"async\" width=\"938\" height=\"1024\" data-id=\"975\" src=\"https:\/\/www.edwigecheveuxauvent.fr\/wp-content\/uploads\/2023\/05\/20230510_001856-938x1024.jpg\" alt=\"\" class=\"wp-image-975\" srcset=\"https:\/\/www.edwigecheveuxauvent.fr\/wp-content\/uploads\/2023\/05\/20230510_001856-938x1024.jpg 938w, https:\/\/www.edwigecheveuxauvent.fr\/wp-content\/uploads\/2023\/05\/20230510_001856-275x300.jpg 275w, https:\/\/www.edwigecheveuxauvent.fr\/wp-content\/uploads\/2023\/05\/20230510_001856-768x839.jpg 768w, https:\/\/www.edwigecheveuxauvent.fr\/wp-content\/uploads\/2023\/05\/20230510_001856-1406x1536.jpg 1406w, https:\/\/www.edwigecheveuxauvent.fr\/wp-content\/uploads\/2023\/05\/20230510_001856-1875x2048.jpg 1875w\" sizes=\"auto, (max-width: 767px) 89vw, (max-width: 1000px) 54vw, (max-width: 1071px) 543px, 580px\" \/><\/figure>\n\n\n\n<figure class=\"wp-block-image size-large\"><img loading=\"lazy\" decoding=\"async\" width=\"768\" height=\"1024\" data-id=\"981\" src=\"https:\/\/www.edwigecheveuxauvent.fr\/wp-content\/uploads\/2023\/05\/20230506_131900-768x1024.jpg\" alt=\"\" class=\"wp-image-981\" srcset=\"https:\/\/www.edwigecheveuxauvent.fr\/wp-content\/uploads\/2023\/05\/20230506_131900-768x1024.jpg 768w, https:\/\/www.edwigecheveuxauvent.fr\/wp-content\/uploads\/2023\/05\/20230506_131900-225x300.jpg 225w, https:\/\/www.edwigecheveuxauvent.fr\/wp-content\/uploads\/2023\/05\/20230506_131900-1152x1536.jpg 1152w, https:\/\/www.edwigecheveuxauvent.fr\/wp-content\/uploads\/2023\/05\/20230506_131900-1536x2048.jpg 1536w, https:\/\/www.edwigecheveuxauvent.fr\/wp-content\/uploads\/2023\/05\/20230506_131900-scaled.jpg 1920w\" sizes=\"auto, (max-width: 767px) 89vw, (max-width: 1000px) 54vw, (max-width: 1071px) 543px, 580px\" \/><\/figure>\n\n\n\n<figure class=\"wp-block-image size-large\"><img loading=\"lazy\" decoding=\"async\" width=\"768\" height=\"1024\" data-id=\"979\" src=\"https:\/\/www.edwigecheveuxauvent.fr\/wp-content\/uploads\/2023\/05\/20230429_185419-768x1024.jpg\" alt=\"\" class=\"wp-image-979\" srcset=\"https:\/\/www.edwigecheveuxauvent.fr\/wp-content\/uploads\/2023\/05\/20230429_185419-768x1024.jpg 768w, https:\/\/www.edwigecheveuxauvent.fr\/wp-content\/uploads\/2023\/05\/20230429_185419-225x300.jpg 225w, https:\/\/www.edwigecheveuxauvent.fr\/wp-content\/uploads\/2023\/05\/20230429_185419-1152x1536.jpg 1152w, https:\/\/www.edwigecheveuxauvent.fr\/wp-content\/uploads\/2023\/05\/20230429_185419-1536x2048.jpg 1536w, https:\/\/www.edwigecheveuxauvent.fr\/wp-content\/uploads\/2023\/05\/20230429_185419-scaled.jpg 1920w\" sizes=\"auto, (max-width: 767px) 89vw, (max-width: 1000px) 54vw, (max-width: 1071px) 543px, 580px\" \/><\/figure>\n<\/figure>\n\n\n\n<figure class=\"wp-block-gallery has-nested-images columns-default is-cropped wp-block-gallery-3 is-layout-flex wp-block-gallery-is-layout-flex\">\n<figure class=\"wp-block-image size-large\"><img loading=\"lazy\" decoding=\"async\" width=\"762\" height=\"1024\" data-id=\"991\" src=\"https:\/\/www.edwigecheveuxauvent.fr\/wp-content\/uploads\/2023\/08\/20230523_144855-762x1024.jpg\" alt=\"\" class=\"wp-image-991\" srcset=\"https:\/\/www.edwigecheveuxauvent.fr\/wp-content\/uploads\/2023\/08\/20230523_144855-762x1024.jpg 762w, https:\/\/www.edwigecheveuxauvent.fr\/wp-content\/uploads\/2023\/08\/20230523_144855-223x300.jpg 223w, https:\/\/www.edwigecheveuxauvent.fr\/wp-content\/uploads\/2023\/08\/20230523_144855-768x1032.jpg 768w, https:\/\/www.edwigecheveuxauvent.fr\/wp-content\/uploads\/2023\/08\/20230523_144855-1143x1536.jpg 1143w, https:\/\/www.edwigecheveuxauvent.fr\/wp-content\/uploads\/2023\/08\/20230523_144855-1524x2048.jpg 1524w, https:\/\/www.edwigecheveuxauvent.fr\/wp-content\/uploads\/2023\/08\/20230523_144855-scaled.jpg 1905w\" sizes=\"auto, (max-width: 706px) 89vw, (max-width: 767px) 82vw, 740px\" \/><\/figure>\n<\/figure>\n","protected":false},"excerpt":{"rendered":"<p>J&rsquo;ai d\u00e9velopp\u00e9 une pratique artistique m\u00ealant plusieurs techniques, dessin au stylo bille, encre, pastel, fusain, peinture ( acrylique, gouache) vid\u00e9o, pratique qui s&rsquo;est peu peu orient\u00e9e vers la figure, portrait, le visage et l&rsquo;Iconographie.<\/p>\n","protected":false},"author":1,"featured_media":0,"comment_status":"open","ping_status":"open","sticky":false,"template":"","format":"standard","meta":{"footnotes":""},"categories":[10],"tags":[18,38,12,22,13,29,24,32,25,30,14,17,15,20,23,26],"class_list":["post-320","post","type-post","status-publish","format-standard","hentry","category-art","tag-a-lecoute-des-ressentis","tag-art","tag-artisan-a-velo-eco-responsable","tag-cheveux-vivants","tag-coupe-vibratoire","tag-demarche-holistique-2","tag-dimension-esthetique-et-artistique","tag-ecoresponsable","tag-lien-avec-la-lune-et-les-saisons","tag-massage-aryuvedique","tag-massage-energetique","tag-massage-shiatsu-cranien-et-massage-aryuvedique","tag-respect-du-vivant","tag-soins-naturels","tag-visage","tag-visagisme"],"_links":{"self":[{"href":"https:\/\/www.edwigecheveuxauvent.fr\/index.php?rest_route=\/wp\/v2\/posts\/320","targetHints":{"allow":["GET"]}}],"collection":[{"href":"https:\/\/www.edwigecheveuxauvent.fr\/index.php?rest_route=\/wp\/v2\/posts"}],"about":[{"href":"https:\/\/www.edwigecheveuxauvent.fr\/index.php?rest_route=\/wp\/v2\/types\/post"}],"author":[{"embeddable":true,"href":"https:\/\/www.edwigecheveuxauvent.fr\/index.php?rest_route=\/wp\/v2\/users\/1"}],"replies":[{"embeddable":true,"href":"https:\/\/www.edwigecheveuxauvent.fr\/index.php?rest_route=%2Fwp%2Fv2%2Fcomments&post=320"}],"version-history":[{"count":32,"href":"https:\/\/www.edwigecheveuxauvent.fr\/index.php?rest_route=\/wp\/v2\/posts\/320\/revisions"}],"predecessor-version":[{"id":995,"href":"https:\/\/www.edwigecheveuxauvent.fr\/index.php?rest_route=\/wp\/v2\/posts\/320\/revisions\/995"}],"wp:attachment":[{"href":"https:\/\/www.edwigecheveuxauvent.fr\/index.php?rest_route=%2Fwp%2Fv2%2Fmedia&parent=320"}],"wp:term":[{"taxonomy":"category","embeddable":true,"href":"https:\/\/www.edwigecheveuxauvent.fr\/index.php?rest_route=%2Fwp%2Fv2%2Fcategories&post=320"},{"taxonomy":"post_tag","embeddable":true,"href":"https:\/\/www.edwigecheveuxauvent.fr\/index.php?rest_route=%2Fwp%2Fv2%2Ftags&post=320"}],"curies":[{"name":"wp","href":"https:\/\/api.w.org\/{rel}","templated":true}]}}